{"id":7191,"date":"2012-09-02T09:10:03","date_gmt":"2012-09-02T07:10:03","guid":{"rendered":"http:\/\/www.wikilovesmonuments.it\/?p=7191"},"modified":"2018-01-30T17:16:12","modified_gmt":"2018-01-30T16:16:12","slug":"300-delle-citt-darte-dellemiliaromagna","status":"publish","type":"post","link":"http:\/\/188.213.160.48\/wiki\/300-delle-citt-darte-dellemiliaromagna\/","title":{"rendered":"I 300 delle Citt\u00e0 d&#8217;Arte dell&#8217;Emilia-Romagna"},"content":{"rendered":"<p>Avevamo parlato qualche tempo fa dell&#8217;<a href=\"https:\/\/www.wikimedia.it\/arrivano-le-citta-darte-dellemilia-romagna\/\">adesione delle Citt\u00e0 d&#8217;Arte dell&#8217;Emilia-Romagna<\/a>, con 170 monumenti di cui una quarantina immediatamente fotografabili.<br \/>\nI lavori nel frattempo non si sono fermati e i monumenti sono diventati <a href=\"http:\/\/www.aptservizi.com\/it\/primo-piano\/le-citta-darte-dellemilia-romagna-protagoniste-di-wiki-loves-monuments\/\">pi\u00f9 di 300<\/a>, dei quali un&#8217;ottantina fotografabili da subito.<\/p>\n<div id=\"attachment_7201\" style=\"width: 650px\" class=\"wp-caption aligncenter\"><a href=\"https:\/\/www.wikimedia.it\/wp-content\/uploads\/2012\/08\/640px-Il_Castello_Estense_di_Ferrara.jpg\"><img aria-describedby=\"caption-attachment-7201\" loading=\"lazy\" class=\"size-full wp-image-7201\" title=\"640px-Il_Castello_Estense_di_Ferrara\" src=\"https:\/\/www.wikimedia.it\/wp-content\/uploads\/2012\/08\/640px-Il_Castello_Estense_di_Ferrara.jpg\" alt=\"Il Castello Estense di Ferrara\" width=\"640\" height=\"427\" \/><\/a><p id=\"caption-attachment-7201\" class=\"wp-caption-text\">Il Castello Estense di Ferrara, fotografato da Nicola Jannucci, CC-BY-SA 3.0<\/p><\/div>\n<p>Ma perch\u00e9 metto i puntini sulle &#8220;i&#8221; sui monumenti fotografabili subito o meno?<br \/>\nPrecisiamo che tutti i monumenti sono fotografabili, ci mancherebbe altro. Solo che alcuni stanno gi\u00e0 partecipando al concorso (80, appunto), mentre gli altri stanno attendendo l&#8217;autorizzazione del MiBAC, che dovrebbe (il condizionale \u00e8 d&#8217;obbligo!) arrivare nei prossimi giorni.<br \/>\nTra i monumenti in gara c&#8217;\u00e8 il Castello Estense di Ferrara, la Basilica di Sant&#8217;Apollinare in Classe, il Porto Canale Leonardesco di Cesenatico, le Porte di Ravenna, il Duomo di Modena, la Torre Ghirlandina, e poi monumenti a Dozza, Santa Sofia, Lizzano in Belvedere, Busseto e Sasso Marconi. Un&#8217;occasione per una gita fuori porta, no?<br \/>\nDel resto lo dice anche Graziano Prantoni, presidente dell\u2019Unione di prodotto Citt\u00e0 d&#8217;Arte, Cultura e Affari: &#8220;<em>Le Citt\u00e0 d&#8217;Arte emiliano romagnole hanno colto questa opportunit\u00e0 come e meglio di chiunque altro in Italia. Abbiamo considerato e valutato quanto sia innovativo e fruttuoso raccontare il territorio attraverso gli occhi dei turisti utilizzando la Rete<\/em>&#8220;.<\/p>\n","protected":false},"excerpt":{"rendered":"<p>Avevamo parlato qualche tempo fa dell&#8217;adesione delle Citt\u00e0 d&#8217;Arte dell&#8217;Emilia-Romagna, con 170 monumenti di cui una quarantina immediatamente fotografabili. I lavori nel frattempo non si sono<span class=\"excerpt-hellip\"> [\u2026]<\/span><\/p>\n","protected":false},"author":10,"featured_media":0,"comment_status":"open","ping_status":"open","sticky":false,"template":"","format":"standard","meta":[],"categories":[8,30],"tags":[22],"_links":{"self":[{"href":"http:\/\/188.213.160.48\/wiki\/wp-json\/wp\/v2\/posts\/7191"}],"collection":[{"href":"http:\/\/188.213.160.48\/wiki\/wp-json\/wp\/v2\/posts"}],"about":[{"href":"http:\/\/188.213.160.48\/wiki\/wp-json\/wp\/v2\/types\/post"}],"author":[{"embeddable":true,"href":"http:\/\/188.213.160.48\/wiki\/wp-json\/wp\/v2\/users\/10"}],"replies":[{"embeddable":true,"href":"http:\/\/188.213.160.48\/wiki\/wp-json\/wp\/v2\/comments?post=7191"}],"version-history":[{"count":2,"href":"http:\/\/188.213.160.48\/wiki\/wp-json\/wp\/v2\/posts\/7191\/revisions"}],"predecessor-version":[{"id":15805,"href":"http:\/\/188.213.160.48\/wiki\/wp-json\/wp\/v2\/posts\/7191\/revisions\/15805"}],"wp:attachment":[{"href":"http:\/\/188.213.160.48\/wiki\/wp-json\/wp\/v2\/media?parent=7191"}],"wp:term":[{"taxonomy":"category","embeddable":true,"href":"http:\/\/188.213.160.48\/wiki\/wp-json\/wp\/v2\/categories?post=7191"},{"taxonomy":"post_tag","embeddable":true,"href":"http:\/\/188.213.160.48\/wiki\/wp-json\/wp\/v2\/tags?post=7191"}],"curies":[{"name":"wp","href":"https:\/\/api.w.org\/{rel}","templated":true}]}}