{"id":7897,"date":"2012-09-12T17:14:20","date_gmt":"2012-09-12T15:14:20","guid":{"rendered":"http:\/\/www.wikilovesmonuments.it\/?p=7897"},"modified":"2018-01-30T17:14:30","modified_gmt":"2018-01-30T16:14:30","slug":"e-dopo-pavia-ci-sono-anche-schio-e-asti","status":"publish","type":"post","link":"http:\/\/188.213.160.48\/wiki\/e-dopo-pavia-ci-sono-anche-schio-e-asti\/","title":{"rendered":"E dopo Pavia, ci sono anche Schio e Asti"},"content":{"rendered":"<p>Dopo la proposta della gita a Pavia per sabato 15, ne abbiamo un&#8217;altra, sempre per la stessa data:\u00a0l&#8217;<a href=\"http:\/\/www.avilug.it\/\" target=\"_blank\">AVi LUG<\/a>\u00a0(Linux User Group dell&#8217;Alto Vicentino) nell&#8217;ambito del\u00a0Software Freedom Day\u00a0organizza anche un tour fotografico per le vie di Schio tra i monumenti &#8220;liberati&#8221; e che fanno parte della nostra lista. Al termine del percorso, gli\u00a0gli associati AVi LUG aiuteranno i partecipanti a caricare le proprie foto.<\/p>\n<p>Gli associati AVi LUG sono inoltre a disposizione\u00a0<strong>tutti i marted\u00ec sera del mese di settembre<\/strong>\u00a0per aiutare nel caricamento delle immagini, presso la loro sede.<\/p>\n<p>Se vuoi partecipare porta con te: scarpe comode e una macchina fotografica o un cellulare che faccia foto. Se non hai voglia di fare foto vieni lo stesso,\u00a0 il meteo prevede sole!<\/p>\n<p>Il ritrovo \u00e8\u00a0<strong>alle 15.00 allo Spazio \u201cPromozione Software Libero\u201d, nella galleria dell&#8217;ex Lanificio Conte<\/strong>, da l\u00ec partir\u00e0 il tour guidato lungo un percorso che toccher\u00e0 i pi\u00f9 bei palazzi e monumenti di Schio, tutti i dettagli li potete vedere sulla\u00a0<a href=\"http:\/\/www.avilug.it\/doku.php\/eventi\/2012\/sfd2012\" target=\"_blank\">pagina dedicata all&#8217;evento<\/a>\u00a0 o su quella del Comune di Schio.<\/p>\n<div id=\"attachment_7898\" style=\"width: 360px\" class=\"wp-caption alignnone\"><a href=\"https:\/\/www.wikimedia.it\/wp-content\/uploads\/2012\/09\/torre-troyana.jpg\"><img aria-describedby=\"caption-attachment-7898\" loading=\"lazy\" class=\" wp-image-7898 \" title=\"torre-troyana\" src=\"https:\/\/www.wikimedia.it\/wp-content\/uploads\/2012\/09\/torre-troyana.jpg\" alt=\"\" width=\"350\" height=\"263\" \/><\/a><p id=\"caption-attachment-7898\" class=\"wp-caption-text\">Interno della Torre Troyana di Asti (foto di S. Caneva)<\/p><\/div>\n<div>\n<p>Un altro comune che appoggia il nostro concorso \u00e8 Asti, dove \u00e8 il mese delle <a href=\"http:\/\/www.festivaldellesagre.it\">Sagre<\/a> (8-9 settembre), del\u00a0<a href=\"http:\/\/www.doujador.it\">Festival Nazionale del Vino \u201cLa Douja\u201d<\/a> (7-16 settembre) e del <a href=\"http:\/\/www.palio.asti.it\">Palio<\/a> (domenica 16\u00a0settembre).<\/p>\n<p>E domenica scorsa, 9 settembre, tra un piatto della tradizione di Langa a Monferrato e qualche\u00a0bicchiere di buon vino, l\u2019associazione <a href=\"http:\/\/www.we-land.com\/\">we-Land<\/a>\u00a0ha pensato di portare un gruppo di fedeli fotografi Wiki su per i 199 gradini della\u00a0splendida <a href=\"https:\/\/it.wikipedia.org\/wiki\/Torre_Troyana\">Torre Troyana<\/a>, una delle meglio conservate fra le tante di\u00a0Asti.<\/p>\n<p>Con i suoi 44 metri d\u2019altezza, la Torre Troyana \u00e8 davvero ottimo osservatorio sul centro storico cittadino: il punto ideale per un appassionato di fotografia.<br \/>\nAnche la storia della torre \u00e8 davvero particolare: fu costruita fra XII e XIII secolo e faceva parte di una casa forte della famiglia Troya,\u00a0una delle famiglie dell&#8217;aristocrazia mercantile cittadina che praticava l&#8217;attivit\u00e0 finanziaria in diverse\u00a0citt\u00e0 europee. Nel secolo XV, estintasi la famiglia Troya, la torre pass\u00f2 al Comune che vi install\u00f2 la\u00a0campana civica, fra le pi\u00f9 antiche tuttora in uso in Piemonte.<\/p>\n<p>Asti, Pavia o Schio: l&#8217;indecisione ora \u00e8 grandissima. E voi dove andrete questo fine settimana? \ud83d\ude42<\/p>\n<p><em>[Ringraziamo Stefano Caneva per le foto e l&#8217;appassionata descrizione dell&#8217;evento]<\/em><\/p>\n<p>&nbsp;<\/p>\n<p>&nbsp;<\/p>\n<\/div>\n","protected":false},"excerpt":{"rendered":"<p>Dopo la proposta della gita a Pavia per sabato 15, ne abbiamo un&#8217;altra, sempre per la stessa data:\u00a0l&#8217;AVi LUG\u00a0(Linux User Group dell&#8217;Alto Vicentino) nell&#8217;ambito del\u00a0Software Freedom<span class=\"excerpt-hellip\"> [\u2026]<\/span><\/p>\n","protected":false},"author":10,"featured_media":7898,"comment_status":"closed","ping_status":"closed","sticky":false,"template":"","format":"standard","meta":[],"categories":[8,30],"tags":[22],"_links":{"self":[{"href":"http:\/\/188.213.160.48\/wiki\/wp-json\/wp\/v2\/posts\/7897"}],"collection":[{"href":"http:\/\/188.213.160.48\/wiki\/wp-json\/wp\/v2\/posts"}],"about":[{"href":"http:\/\/188.213.160.48\/wiki\/wp-json\/wp\/v2\/types\/post"}],"author":[{"embeddable":true,"href":"http:\/\/188.213.160.48\/wiki\/wp-json\/wp\/v2\/users\/10"}],"replies":[{"embeddable":true,"href":"http:\/\/188.213.160.48\/wiki\/wp-json\/wp\/v2\/comments?post=7897"}],"version-history":[{"count":5,"href":"http:\/\/188.213.160.48\/wiki\/wp-json\/wp\/v2\/posts\/7897\/revisions"}],"predecessor-version":[{"id":15800,"href":"http:\/\/188.213.160.48\/wiki\/wp-json\/wp\/v2\/posts\/7897\/revisions\/15800"}],"wp:featuredmedia":[{"embeddable":true,"href":"http:\/\/188.213.160.48\/wiki\/wp-json\/wp\/v2\/media\/7898"}],"wp:attachment":[{"href":"http:\/\/188.213.160.48\/wiki\/wp-json\/wp\/v2\/media?parent=7897"}],"wp:term":[{"taxonomy":"category","embeddable":true,"href":"http:\/\/188.213.160.48\/wiki\/wp-json\/wp\/v2\/categories?post=7897"},{"taxonomy":"post_tag","embeddable":true,"href":"http:\/\/188.213.160.48\/wiki\/wp-json\/wp\/v2\/tags?post=7897"}],"curies":[{"name":"wp","href":"https:\/\/api.w.org\/{rel}","templated":true}]}}