{"id":8174,"date":"2012-10-05T09:31:08","date_gmt":"2012-10-05T07:31:08","guid":{"rendered":"http:\/\/www.wikilovesmonuments.it\/?p=8174"},"modified":"2018-01-30T16:59:27","modified_gmt":"2018-01-30T15:59:27","slug":"la-parola-a-una-nostra-amica","status":"publish","type":"post","link":"http:\/\/188.213.160.48\/wiki\/la-parola-a-una-nostra-amica\/","title":{"rendered":"La parola a una nostra amica"},"content":{"rendered":"<p><em>Ringraziamo\u00a0<a href=\"https:\/\/it.wikipedia.org\/wiki\/Utente:Elitre\">Elitre<\/a>, \u00a0Wikipediana dal 2005, che ha seguito il progetto Wiki Loves Monuments fin dalle primissime fasi, per questo bell&#8217;articolo e per avere avuto la pazienza di guardarsi tutte le foto!\u00a0<\/em><\/p>\n<p>E cos\u00ec, la prima avventura italiana di Wiki Loves Monuments \u00e8 giunta al termine, almeno per quanto riguarda la fase di raccolta e caricamento delle foto.<\/p>\n<p>Quando ho partecipato all&#8217;<a href=\"https:\/\/it.wikipedia.org\/wiki\/Wikipedia:Raduni\/Bologna_aprile_2012_Incontro_di_preparazione_Wiki_Loves_Monuments\">incontro bolognese<\/a>\u00a0di alcuni mesi fa, a <a href=\"https:\/\/meta.wikimedia.org\/wiki\/User:Effeietsanders\">Lodewijk<\/a> lo avevo detto: &#8220;Temo che i ragazzi di Wikimedia Italia non possano andare molto lontano&#8221;.<br \/>\nAvevo ragione? S\u00ec e no. S\u00ec perch\u00e9 le auspicate adesioni da parte di molte regioni e province non sono arrivate, e la copertura geografica \u00e8 stata estremamente variegata, con vuoti desolanti soprattutto in alcune parti del Sud, da dove provengo. No perch\u00e9 comunque alla fine \u00e8 giunta l&#8217;autorizzazione del Ministero dei Beni e delle Attivit\u00e0 Culturali, che rappresenta indubbiamente un importante trampolino di lancio per la prossima edizione e che era probabilmente il tassello pi\u00f9 importante del puzzle. Dunque, vediamola cos\u00ec: le tessere non erano molte ed erano anche sparse un po&#8217; qua e l\u00e0, ma l&#8217;immagine complessiva che delineano, quella ci piace. In fondo, non sarebbe giusto addossare a WMI la responsabilit\u00e0 del fatto che nel nostro paese da inizio giugno a met\u00e0 settembre, cio\u00e8 nel momento clou per l&#8217;organizzazione del progetto, sia pressoch\u00e9 impossibile portare avanti dei discorsi seri con qualunque amministrazione (soprattutto se non di persona), per via delle ferie.<\/p>\n<div id=\"attachment_8176\" style=\"width: 586px\" class=\"wp-caption aligncenter\"><a href=\"https:\/\/commons.wikimedia.org\/wiki\/File:Flight_At_Sunset.jpg\"><img aria-describedby=\"caption-attachment-8176\" loading=\"lazy\" class=\" wp-image-8176\" title=\"Volo al sorgere del sole\" src=\"https:\/\/www.wikimedia.it\/wp-content\/uploads\/2012\/10\/640px-Flight_At_Sunset.jpeg\" alt=\"\" width=\"576\" height=\"384\" \/><\/a><p id=\"caption-attachment-8176\" class=\"wp-caption-text\">Oasi di Miramare &#8211; foto di Matteo Miotto (licenza CC-BY-SA)<\/p><\/div>\n<p style=\"text-align: left;\">L&#8217;inizio, nonostante il &#8220;bannerone&#8221; sulle pagine di Wikipedia, \u00e8 avvenuto talmente in sordina che gli amici polacchi (presso cui WLM ha letteralmente spopolato, visto che hanno caricato pi\u00f9 foto di qualunque altro paese) dopo qualche giorno sono venuti a chiederci come mai non <a href=\"https:\/\/it.wikipedia.org\/w\/index.php?title=Discussioni_Wikipedia%3AAmbasciata&amp;diff=52355075&amp;oldid=52097876\">ingranassimo<\/a>; pian piano per\u00f2, anche grazie a wikigite e qualche caccia fotografica in giro per lo Stivale, il nostro paese ha raggranellato circa 8mila immagini, collocandosi al 13\u00b0 posto tra le nazioni in gara.<\/p>\n<p style=\"text-align: left;\">E cosa ha fatto la sottoscritta appena si sono chiuse le danze? Ma \u00e8 ovvio, \u00e8 andata a vedersi tutte le foto caricate e ha scelto tra quelle le sue <a href=\"http:\/\/doppiequadre.tumblr.com\/post\/32682357826\/wiki-loves-monuments-italia-2012-i-miei-preferiti\">preferite<\/a>. Non sono un&#8217;esperta di fotografia, e se avete partecipato al contest, nessuna paura: il mio giudizio non conta proprio niente. Mi piace da sempre per\u00f2 curiosare tra i migliori contenuti del nostro archivio multimediale. Una foto non deve essere necessariamente di grandi dimensioni per catturare la mia attenzione (anzi, deve convincermi soprattutto nel formato pi\u00f9 piccolo, visto che sono praticamente delle miniature quelle che usiamo all&#8217;interno delle voci), n\u00e9 deve essere tecnicamente perfetta, e se \u00e8 solo &#8220;artistica&#8221;, cio\u00e8 difficile da riutilizzare su uno qualunque dei nostri siti, sinceramente mi interessa molto meno di una foto &#8220;illustrativa&#8221;. Se per\u00f2 mi fa pensare subito, che sia per il soggetto o per la luce,\u00a0 &#8220;Wow, bella!&#8221;, allora si \u00e8 accattivata le mie simpatie e forse si \u00e8 aggiudicata un posto sul mio desktop.<\/p>\n<p>Mi hanno detto infatti che tendo a preferire foto che sono pi\u00f9 che altro&#8230; adatte come sfondo per il pc. Pu\u00f2 darsi: proprio per questo motivo ho deciso che se le foto che considero degne di essere premiate non saranno scelte dalla giuria, beh, le proporr\u00f2 io stessa prima o poi come &#8220;<a href=\"https:\/\/commons.wikimedia.org\/wiki\/Commons:Immagini_in_vetrina\">Immagine in Vetrina<\/a>&#8220;, per provare persino a farle arrivare l&#8217;anno prossimo alle selezioni dell'&#8221;<a href=\"https:\/\/commons.wikimedia.org\/wiki\/Commons:Picture_of_the_Year\">Immagine dell&#8217;Anno<\/a>&#8220;. La comunit\u00e0 wikimediana tutta infatti conosce e apprezza questa competizione &#8220;interna&#8221;, che ci sottopone annualmente scatti davvero iconici (il chapter italiano ne utilizz\u00f2 <a href=\"https:\/\/commons.wikimedia.org\/wiki\/File:Broadway_tower_edit.jpg\">uno<\/a> per realizzare la tessera soci 2008); e io penso proprio che tra quelle che ho <a href=\"http:\/\/bit.ly\/QwS9EN\">scelto<\/a> pi\u00f9 d&#8217;una meriterebbe, se non di vincere i premi in palio per WLM, sicuramente di arrivare a concorrere per la &#8220;Picture of the Year 2012&#8221;, e che questo sarebbe un buon modo per dimostrare riconoscenza a chi ce l&#8217;ha donata.<\/p>\n<p>E voi cosa pensate della mia personalissima <em>sele\u00e7\u00e3o<\/em>? Mi sono persa qualcosa di davvero meritevole per strada? Attendo le vostre impressioni in merito.<\/p>\n","protected":false},"excerpt":{"rendered":"<p>Ringraziamo\u00a0Elitre, \u00a0Wikipediana dal 2005, che ha seguito il progetto Wiki Loves Monuments fin dalle primissime fasi, per questo bell&#8217;articolo e per avere avuto la pazienza di<span class=\"excerpt-hellip\"> [\u2026]<\/span><\/p>\n","protected":false},"author":10,"featured_media":8176,"comment_status":"open","ping_status":"open","sticky":false,"template":"","format":"standard","meta":[],"categories":[8,30],"tags":[22,479],"_links":{"self":[{"href":"http:\/\/188.213.160.48\/wiki\/wp-json\/wp\/v2\/posts\/8174"}],"collection":[{"href":"http:\/\/188.213.160.48\/wiki\/wp-json\/wp\/v2\/posts"}],"about":[{"href":"http:\/\/188.213.160.48\/wiki\/wp-json\/wp\/v2\/types\/post"}],"author":[{"embeddable":true,"href":"http:\/\/188.213.160.48\/wiki\/wp-json\/wp\/v2\/users\/10"}],"replies":[{"embeddable":true,"href":"http:\/\/188.213.160.48\/wiki\/wp-json\/wp\/v2\/comments?post=8174"}],"version-history":[{"count":2,"href":"http:\/\/188.213.160.48\/wiki\/wp-json\/wp\/v2\/posts\/8174\/revisions"}],"predecessor-version":[{"id":12833,"href":"http:\/\/188.213.160.48\/wiki\/wp-json\/wp\/v2\/posts\/8174\/revisions\/12833"}],"wp:featuredmedia":[{"embeddable":true,"href":"http:\/\/188.213.160.48\/wiki\/wp-json\/wp\/v2\/media\/8176"}],"wp:attachment":[{"href":"http:\/\/188.213.160.48\/wiki\/wp-json\/wp\/v2\/media?parent=8174"}],"wp:term":[{"taxonomy":"category","embeddable":true,"href":"http:\/\/188.213.160.48\/wiki\/wp-json\/wp\/v2\/categories?post=8174"},{"taxonomy":"post_tag","embeddable":true,"href":"http:\/\/188.213.160.48\/wiki\/wp-json\/wp\/v2\/tags?post=8174"}],"curies":[{"name":"wp","href":"https:\/\/api.w.org\/{rel}","templated":true}]}}