{"id":8644,"date":"2013-02-11T16:03:58","date_gmt":"2013-02-11T15:03:58","guid":{"rendered":"http:\/\/www.wikilovesmonuments.it\/?p=8644"},"modified":"2018-01-30T17:55:45","modified_gmt":"2018-01-30T16:55:45","slug":"le-saline-di-trapani-foto-della-settimana","status":"publish","type":"post","link":"http:\/\/188.213.160.48\/wiki\/le-saline-di-trapani-foto-della-settimana\/","title":{"rendered":"Le saline di Trapani &#8211; foto della settimana"},"content":{"rendered":"<p>Ogni settimana viene scelta un&#8217;immagine che ci accompagna sui nostri social (se per caso non ci seguite, vi ricordiamo che ci travate su <a href=\"https:\/\/www.facebook.com\/WikiLovesMonumentsItalia\" target=\"_blank\" rel=\"noopener\">Facebook<\/a>, <a href=\"https:\/\/plus.google.com\/108373831897644157783\/posts\" target=\"_blank\" rel=\"noopener\">Google+<\/a>\u00a0e\u00a0su <a href=\"https:\/\/twitter.com\/WikimediaItalia\" target=\"_blank\" rel=\"noopener\">twitter<\/a> &#8211; seguendo l&#8217;account \u00a0di @WikimediaItalia e l&#8217;hashtag #wikilovesmonuments).<\/p>\n<p>Questa settimana abbiamo scelto una panoramica delle\u00a0<a href=\"https:\/\/it.wikipedia.org\/wiki\/Riserva_naturale_integrale_Saline_di_Trapani_e_Paceco\">saline di Trapani e Paceco<\/a>, bellissima oasi naturalistica regionale del WWF.\u00a0L&#8217;immagine \u00e8 stata scattata da<strong> Vincenzo Genova<\/strong>.<\/p>\n<p>&nbsp;<\/p>\n<div id=\"attachment_8645\" style=\"width: 490px\" class=\"wp-caption aligncenter\"><a href=\"https:\/\/commons.wikimedia.org\/wiki\/File:Saline_di_Trapani_e_Paceco_-_Riserva_Naturale_Regionale.jpg\"><img aria-describedby=\"caption-attachment-8645\" loading=\"lazy\" class=\" wp-image-8645 \" src=\"https:\/\/www.wikimedia.it\/wp-content\/uploads\/2013\/02\/Saline_di_Trapani_e_Paceco_-_Riserva_Naturale_Regionale-foto-di-Mymail322.jpeg\" alt=\"Saline di Trapani - foto di Vincenzo Genova [licenza CC-BY_SA 3.0]\" width=\"480\" height=\"204\" \/><\/a><p id=\"caption-attachment-8645\" class=\"wp-caption-text\">Saline di Trapani e Paceco &#8211;<br \/>foto di Vincenzo Genova [licenza CC-BY_SA 3.0]<\/p><\/div>\n<p>Queste saline hanno un fascino speciale per i fotografi che hanno partecipato a Wiki Loves Monuments Italia 2012: sono state caricate ben <a href=\"https:\/\/commons.wikimedia.org\/w\/index.php?title=Special:Search&amp;limit=250&amp;offset=0&amp;redirs=1&amp;profile=default&amp;search=081013118\">119 immagini<\/a>! E anche una delle immagini vincitrici del concorso era di questa riserva naturale regionale gestita dal WWF.<\/p>\n<p>Le saline, la cui origine risale al periodo della dominazione normanna in Sicilia, hanno avuto una lenta decadenza dal 1861 e dopo la seconda guerra mondiale, molte di esse furono dismesse o abbandonate.<br \/>\nRestano i mulini a vento, che venivano utilizzati per macinare il sale o per il pompaggio dell&#8217;acqua salata da una vasca all&#8217;altra.<\/p>\n<p>Dopo l&#8217;istituzione della Riserva nel 1995, si \u00e8 assistito ad un rilancio della attivit\u00e0 produttiva del sale che \u00e8 anche inserito nell&#8217;elenco dei\u00a0Prodotti\u00a0agroalimentari\u00a0tradizionali\u00a0siciliani\u00a0riconosciuti dal Ministero delle Politiche Agricole, Alimentari e Forestali, e dal\u00a02011\u00a0\u00e8 un prodotto\u00a0IGP\u00a0con la denominazione &#8220;Sale marino di Trapani&#8221;.<sup id=\"cite_ref-3\"><\/sup><\/p>\n<p>La riserva comprende un territorio costiero di quasi 1.000 ettari tra Trapani e Paceco.<\/p>\n<p>Per chi volesse visitarla, tutte le informazioni sono sulla <a href=\"https:\/\/www.wwf.it\/client\/render_oasi.aspx?content=0&amp;root=3487\">scheda dell&#8217;oasi<\/a> presente sul sito del WWF.<\/p>\n<p>&nbsp;<\/p>\n","protected":false},"excerpt":{"rendered":"<p>Ogni settimana viene scelta un&#8217;immagine che ci accompagna sui nostri social (se per caso non ci seguite, vi ricordiamo che ci travate su Facebook, Google+\u00a0e\u00a0su twitter<span class=\"excerpt-hellip\"> [\u2026]<\/span><\/p>\n","protected":false},"author":10,"featured_media":8645,"comment_status":"open","ping_status":"open","sticky":false,"template":"","format":"standard","meta":[],"categories":[8,30],"tags":[22],"_links":{"self":[{"href":"http:\/\/188.213.160.48\/wiki\/wp-json\/wp\/v2\/posts\/8644"}],"collection":[{"href":"http:\/\/188.213.160.48\/wiki\/wp-json\/wp\/v2\/posts"}],"about":[{"href":"http:\/\/188.213.160.48\/wiki\/wp-json\/wp\/v2\/types\/post"}],"author":[{"embeddable":true,"href":"http:\/\/188.213.160.48\/wiki\/wp-json\/wp\/v2\/users\/10"}],"replies":[{"embeddable":true,"href":"http:\/\/188.213.160.48\/wiki\/wp-json\/wp\/v2\/comments?post=8644"}],"version-history":[{"count":4,"href":"http:\/\/188.213.160.48\/wiki\/wp-json\/wp\/v2\/posts\/8644\/revisions"}],"predecessor-version":[{"id":15864,"href":"http:\/\/188.213.160.48\/wiki\/wp-json\/wp\/v2\/posts\/8644\/revisions\/15864"}],"wp:featuredmedia":[{"embeddable":true,"href":"http:\/\/188.213.160.48\/wiki\/wp-json\/wp\/v2\/media\/8645"}],"wp:attachment":[{"href":"http:\/\/188.213.160.48\/wiki\/wp-json\/wp\/v2\/media?parent=8644"}],"wp:term":[{"taxonomy":"category","embeddable":true,"href":"http:\/\/188.213.160.48\/wiki\/wp-json\/wp\/v2\/categories?post=8644"},{"taxonomy":"post_tag","embeddable":true,"href":"http:\/\/188.213.160.48\/wiki\/wp-json\/wp\/v2\/tags?post=8644"}],"curies":[{"name":"wp","href":"https:\/\/api.w.org\/{rel}","templated":true}]}}