{"id":9172,"date":"2013-04-15T16:57:59","date_gmt":"2013-04-15T14:57:59","guid":{"rendered":"http:\/\/www.wikilovesmonuments.it\/?p=9172"},"modified":"2018-01-30T17:55:41","modified_gmt":"2018-01-30T16:55:41","slug":"gli-alberi-monumenti-naturali-foto-della-settimana","status":"publish","type":"post","link":"http:\/\/188.213.160.48\/wiki\/gli-alberi-monumenti-naturali-foto-della-settimana\/","title":{"rendered":"Gli alberi monumenti naturali &#8211; Foto della settimana"},"content":{"rendered":"<p>La foto di questa settimana \u00e8 intitolata &#8220;La rabbia del vento&#8221; ed \u00e8 stata scattata da Francesco Scir\u00e8 nell&#8217;<a href=\"https:\/\/it.wikipedia.org\/wiki\/Oasi_di_Macchiagrande\">oasi WWF di Macchiagrande<\/a> a Fiumicino (Roma).<\/p>\n<div id=\"attachment_9173\" style=\"width: 522px\" class=\"wp-caption aligncenter\"><a href=\"https:\/\/it.wikipedia.org\/wiki\/Oasi_di_Macchiagrande\"><img aria-describedby=\"caption-attachment-9173\" loading=\"lazy\" class=\" wp-image-9173\" src=\"https:\/\/www.wikimedia.it\/wp-content\/uploads\/2013\/04\/La_rabbia_del_vento.jpg\" alt=\"La_rabbia_del_vento\" width=\"512\" height=\"342\" \/><\/a><p id=\"caption-attachment-9173\" class=\"wp-caption-text\">L&#8217;oasi WWF di Macchiagrande, Fiumicino (Roma) &#8211;<br \/>Foto di Francesco Scir\u00e8 [Licenza CC-BY-SA 3.0]<\/p><\/div>\n<p>Se vi state chiedendo cosa c&#8217;entra un albero tra i nostri monumenti, vi ricordo che la\u00a0<a href=\"http:\/\/wikilovesmonuments.wikimedia.it\/storia-del-concorso-fotografico\/\">definizione di monumento<\/a>\u00a0che abbiamo adottato ricalca quella dell&#8217;UNESCO e comprende, oltre a opere dell&#8217;uomo, anche siti naturalistici e bellezze paesaggistiche. L&#8217;anno scorso avevamo inserito nelle nostre liste le\u00a0<a href=\"https:\/\/www.wikimedia.it\/4000-delle-alpi\/\">vette delle Alpi che superano i 4.000<\/a>\u00a0metri e quest&#8217;anno, oltre a loro, ci piacerebbe inserire anche gli alberi monumentali.<\/p>\n<p>Secondo un censimento iniziato nel 1982 del <a href=\"http:\/\/www3.corpoforestale.it\/flex\/cm\/pages\/ServeBLOB.php\/L\/IT\/IDPagina\/6310\">Corpo Forestale dello Stato<\/a>,<strong>\u00a0<\/strong>in\u00a0Italia ci sono\u00a022.000 <em>alberi di notevole interesse<\/em>, di cui<\/p>\n<ul>\n<li>150 di <em>eccezionale valore storico o monumentale<\/em>.<\/li>\n<\/ul>\n<p>Quali sono le piante pi\u00f9 antiche che avete visto sul territorio italiano? Ci aiutate ad elencarle e a trovare le autorizzazioni per fotografarle? \ud83d\ude42<\/p>\n<p>&nbsp;<\/p>\n","protected":false},"excerpt":{"rendered":"<p>La foto di questa settimana \u00e8 intitolata &#8220;La rabbia del vento&#8221; ed \u00e8 stata scattata da Francesco Scir\u00e8 nell&#8217;oasi WWF di Macchiagrande a Fiumicino (Roma). &nbsp;<span class=\"excerpt-hellip\"> [\u2026]<\/span><\/p>\n","protected":false},"author":10,"featured_media":9173,"comment_status":"open","ping_status":"open","sticky":false,"template":"","format":"standard","meta":[],"categories":[8,30],"tags":[22],"_links":{"self":[{"href":"http:\/\/188.213.160.48\/wiki\/wp-json\/wp\/v2\/posts\/9172"}],"collection":[{"href":"http:\/\/188.213.160.48\/wiki\/wp-json\/wp\/v2\/posts"}],"about":[{"href":"http:\/\/188.213.160.48\/wiki\/wp-json\/wp\/v2\/types\/post"}],"author":[{"embeddable":true,"href":"http:\/\/188.213.160.48\/wiki\/wp-json\/wp\/v2\/users\/10"}],"replies":[{"embeddable":true,"href":"http:\/\/188.213.160.48\/wiki\/wp-json\/wp\/v2\/comments?post=9172"}],"version-history":[{"count":3,"href":"http:\/\/188.213.160.48\/wiki\/wp-json\/wp\/v2\/posts\/9172\/revisions"}],"predecessor-version":[{"id":15863,"href":"http:\/\/188.213.160.48\/wiki\/wp-json\/wp\/v2\/posts\/9172\/revisions\/15863"}],"wp:featuredmedia":[{"embeddable":true,"href":"http:\/\/188.213.160.48\/wiki\/wp-json\/wp\/v2\/media\/9173"}],"wp:attachment":[{"href":"http:\/\/188.213.160.48\/wiki\/wp-json\/wp\/v2\/media?parent=9172"}],"wp:term":[{"taxonomy":"category","embeddable":true,"href":"http:\/\/188.213.160.48\/wiki\/wp-json\/wp\/v2\/categories?post=9172"},{"taxonomy":"post_tag","embeddable":true,"href":"http:\/\/188.213.160.48\/wiki\/wp-json\/wp\/v2\/tags?post=9172"}],"curies":[{"name":"wp","href":"https:\/\/api.w.org\/{rel}","templated":true}]}}