{"id":9434,"date":"2013-06-06T13:49:06","date_gmt":"2013-06-06T11:49:06","guid":{"rendered":"http:\/\/www.wikilovesmonuments.it\/?p=9434"},"modified":"2018-01-30T16:22:00","modified_gmt":"2018-01-30T15:22:00","slug":"e-lora-di-partire","status":"publish","type":"post","link":"http:\/\/188.213.160.48\/wiki\/e-lora-di-partire\/","title":{"rendered":"E&#8217; l&#8217;ora di partire!"},"content":{"rendered":"<p>Il nostro progetto sta per entrare nella fase pi\u00f9 complessa e divertente: arrivano i <a href=\"http:\/\/wikilovesmonuments.wikimedia.it\/istituzioni\/\">patrocini e le adesioni<\/a> e i fotografi incominciano a pensare a quali monumenti fotografare.<\/p>\n<p>Per incoraggare tutti, ecco la nostra selezione di foto a tema: oggi si possono ammirare<strong> gli orologi <\/strong>che hanno partecipato al concorso 2012!<br \/>\nNe coscete qualcuno di pi\u00f9 bello? Se non \u00e8 ancora nelle nostre liste, perch\u00e9 non ci aiutate ad ottenere l&#8217;<a href=\"http:\/\/wikilovesmonuments.wikimedia.it\/wlm-amministrazioni-ed-enti-privati\/\">autorizzazione<\/a>? \ud83d\ude42<\/p>\n<p>&nbsp;<\/p>\n<p><div id=\"attachment_9435\" style=\"width: 522px\" class=\"wp-caption aligncenter\"><a href=\"https:\/\/commons.wikimedia.org\/wiki\/File:TORRE_CIVICA_prima_del_sisma.jpg\"><img aria-describedby=\"caption-attachment-9435\" loading=\"lazy\" class=\" wp-image-9435 \" alt=\"Torre Civica di Novi di Modena prima del sisma - Foto di B.Elena [Licenza CC-BY-SA 3.0]\" src=\"https:\/\/www.wikimedia.it\/wp-content\/uploads\/2013\/06\/640px-TORRE_CIVICA_prima_del_sisma.jpg\" width=\"512\" height=\"342\" \/><\/a><p id=\"caption-attachment-9435\" class=\"wp-caption-text\">Torre Civica di Novi di Modena prima del sisma &#8211;<br \/>Foto di B.Elena [Licenza CC-BY-SA 3.0]<\/p><\/div><div id=\"attachment_9436\" style=\"width: 330px\" class=\"wp-caption aligncenter\"><a href=\"https:\/\/commons.wikimedia.org\/wiki\/File:Torre_del_Palazzo_del_Governatore.jpg\"><img aria-describedby=\"caption-attachment-9436\" loading=\"lazy\" class=\"size-full wp-image-9436\" alt=\"Palazzo del Governatore (Parma) - Foto di Giano89 [Licenza CC-BY-SA 3.0]\" src=\"https:\/\/www.wikimedia.it\/wp-content\/uploads\/2013\/06\/320px-Torre_del_Palazzo_del_Governatore.jpg\" width=\"320\" height=\"480\" \/><\/a><p id=\"caption-attachment-9436\" class=\"wp-caption-text\">Palazzo del Governatore (Parma) &#8211;<br \/>Foto di Giano89 [Licenza CC-BY-SA 3.0]<\/p><\/div>&nbsp;<\/p>\n<div id=\"attachment_9437\" style=\"width: 522px\" class=\"wp-caption aligncenter\"><a href=\"https:\/\/commons.wikimedia.org\/wiki\/File:%27Che_ora_sono%3F_%27.jpg\"><img aria-describedby=\"caption-attachment-9437\" loading=\"lazy\" class=\" wp-image-9437 \" alt=\"Archivio centrale dello stato (Roma) - Foto di Maristela Possamai [Licenza CC-BY-SA 3.0 con vincolo MiBAC]\" src=\"https:\/\/www.wikimedia.it\/wp-content\/uploads\/2013\/06\/640px-Che_ora_sono_.jpg\" width=\"512\" height=\"341\" \/><\/a><p id=\"caption-attachment-9437\" class=\"wp-caption-text\">Archivio centrale dello stato (Roma) &#8211;<br \/>Foto di Maristela Possamai [Licenza CC-BY-SA 3.0 con vincolo MiBAC]<\/p><\/div>\n<div id=\"attachment_9440\" style=\"width: 370px\" class=\"wp-caption aligncenter\"><a href=\"https:\/\/commons.wikimedia.org\/wiki\/File:Busseto_-_Monumento_a_Verdi.jpg\"><img aria-describedby=\"caption-attachment-9440\" loading=\"lazy\" class=\"size-full wp-image-9440\" alt=\"Monumento a G. Verdi (Busseto) -Foto di Pivari [Licenza CC-BY-SA 3.0]\" src=\"https:\/\/www.wikimedia.it\/wp-content\/uploads\/2013\/06\/360px-Busseto_-_Monumento_a_Verdi.jpg\" width=\"360\" height=\"480\" \/><\/a><p id=\"caption-attachment-9440\" class=\"wp-caption-text\">Monumento a G. Verdi (Busseto) &#8211;<br \/>Foto di Pivari [Licenza CC-BY-SA 3.0]<\/p><\/div>\n<div id=\"attachment_9441\" style=\"width: 522px\" class=\"wp-caption aligncenter\"><a href=\"https:\/\/commons.wikimedia.org\/wiki\/File:Modena,_Palazzo_Comunale,_particolare_della_Torre_dell%27Orologio..jpg\"><img aria-describedby=\"caption-attachment-9441\" loading=\"lazy\" class=\" wp-image-9441  \" alt=\"Torre dell'Orologio del Palazzo Comunale di Modena - Foto di Makuto72 [Licenza CC-BY-SA 3.0]\" src=\"https:\/\/www.wikimedia.it\/wp-content\/uploads\/2013\/06\/640px-Modena_Palazzo_Comunale_particolare_della_Torre_dellOrologio..jpg\" width=\"512\" height=\"342\" \/><\/a><p id=\"caption-attachment-9441\" class=\"wp-caption-text\">Torre dell&#8217;Orologio del Palazzo Comunale di Modena &#8211;<br \/>Foto di Makuto72 [Licenza CC-BY-SA 3.0]<\/p><\/div>\n<div id=\"attachment_9443\" style=\"width: 330px\" class=\"wp-caption aligncenter\"><a href=\"https:\/\/commons.wikimedia.org\/wiki\/File:Santa_Maria_della_Neve.jpg\"><img aria-describedby=\"caption-attachment-9443\" loading=\"lazy\" class=\"size-full wp-image-9443\" alt=\"ex Chiesa di Santa Maria della Neve (Schio) - Foto di Puscas Vadim [Licenza CC-BY-Sa 3.0]\" src=\"https:\/\/www.wikimedia.it\/wp-content\/uploads\/2013\/06\/320px-Santa_Maria_della_Neve.jpg\" width=\"320\" height=\"480\" \/><\/a><p id=\"caption-attachment-9443\" class=\"wp-caption-text\">Ex Chiesa di Santa Maria della Neve (Schio) &#8211;<br \/>Foto di Puscas Vadim [Licenza CC-BY-Sa 3.0]<\/p><\/div>\n<div id=\"attachment_9444\" style=\"width: 522px\" class=\"wp-caption aligncenter\"><a href=\"https:\/\/commons.wikimedia.org\/wiki\/File:Broletto_di_pavia,_fronte.JPG\"><img aria-describedby=\"caption-attachment-9444\" loading=\"lazy\" class=\" wp-image-9444 \" alt=\"Broletto di Pavia - Foto di Matteo Ruaro [Licenza CC-BY-Sa 3.0]\" src=\"https:\/\/www.wikimedia.it\/wp-content\/uploads\/2013\/06\/640px-Broletto_di_pavia_fronte.jpg\" width=\"512\" height=\"342\" \/><\/a><p id=\"caption-attachment-9444\" class=\"wp-caption-text\">Broletto di Pavia &#8211;<br \/>Foto di Matteo Ruaro [Licenza CC-BY-Sa 3.0]<\/p><\/div>\n<div id=\"attachment_9445\" style=\"width: 379px\" class=\"wp-caption aligncenter\"><a href=\"https:\/\/commons.wikimedia.org\/wiki\/File:Fananoz_060.jpg\"><img aria-describedby=\"caption-attachment-9445\" loading=\"lazy\" class=\"size-full wp-image-9445\" alt=\"Torre dell'Orologio di Fanano (MO) - Foto di Valter Turchi [Licenza CC-BY-Sa 3.0 con vincolo MiBAC]\" src=\"https:\/\/www.wikimedia.it\/wp-content\/uploads\/2013\/06\/369px-Fananoz_060.jpg\" width=\"369\" height=\"479\" \/><\/a><p id=\"caption-attachment-9445\" class=\"wp-caption-text\">Torre dell&#8217;Orologio di Fanano (MO) &#8211;<br \/>Foto di Valter Turchi [Licenza CC-BY-Sa 3.0 con vincolo MiBAC]<\/p><\/div>\n<div id=\"attachment_9448\" style=\"width: 522px\" class=\"wp-caption aligncenter\"><a href=\"https:\/\/commons.wikimedia.org\/wiki\/File:Prospetto_verso_l%27alto_di_Palazzo_di_Citt%C3%A0.jpg\"><img aria-describedby=\"caption-attachment-9448\" loading=\"lazy\" class=\" wp-image-9448 \" alt=\"Palazzo Civico di Asti - Foto di Palladino Neil [Licenza CC-BY-SA 3.0]\" src=\"https:\/\/www.wikimedia.it\/wp-content\/uploads\/2013\/06\/Prospetto_verso_lalto_di_Palazzo_di_Citta\u0300.jpg\" width=\"512\" height=\"384\" \/><\/a><p id=\"caption-attachment-9448\" class=\"wp-caption-text\">Palazzo Civico di Asti &#8211;<br \/>Foto di Palladino Neil [Licenza CC-BY-SA 3.0]<\/p><\/div>\n<div id=\"attachment_9447\" style=\"width: 370px\" class=\"wp-caption aligncenter\"><a href=\"https:\/\/commons.wikimedia.org\/wiki\/File:Torre_dell%27Orologio_01.jpg\"><img aria-describedby=\"caption-attachment-9447\" loading=\"lazy\" class=\"size-full wp-image-9447\" alt=\"Torre dell'Orologio a Castelvetro di Modena - Foto di La Monique [Licenza CC-BY-Sa 3.0 con vincolo MiBAC]\" src=\"https:\/\/www.wikimedia.it\/wp-content\/uploads\/2013\/06\/360px-Torre_dellOrologio_01.jpg\" width=\"360\" height=\"480\" \/><\/a><p id=\"caption-attachment-9447\" class=\"wp-caption-text\">Torre dell&#8217;Orologio a Castelvetro di Modena &#8211;<br \/>Foto di La Monique [Licenza CC-BY-Sa 3.0 con vincolo MiBAC]<\/p><\/div>\n<div id=\"attachment_9446\" style=\"width: 522px\" class=\"wp-caption aligncenter\"><a href=\"https:\/\/commons.wikimedia.org\/wiki\/File:Colornoy_5389zzz_01.JPG\"><img aria-describedby=\"caption-attachment-9446\" loading=\"lazy\" class=\" wp-image-9446 \" alt=\"La reggia di Colorno (PR) - Foto di Valter Turchi [Licenza CC-BY-SA 3.0]\" src=\"https:\/\/www.wikimedia.it\/wp-content\/uploads\/2013\/06\/640px-Colornoy_5389zzz_01.jpg\" width=\"512\" height=\"339\" \/><\/a><p id=\"caption-attachment-9446\" class=\"wp-caption-text\">La reggia di Colorno (PR) &#8211;<br \/>Foto di Valter Turchi [Licenza CC-BY-SA 3.0]<\/p><\/div>\n<div id=\"attachment_9449\" style=\"width: 370px\" class=\"wp-caption aligncenter\"><a href=\"https:\/\/commons.wikimedia.org\/wiki\/File:Porta_del_Museo_di_Taurasi.JPG\"><img aria-describedby=\"caption-attachment-9449\" loading=\"lazy\" class=\"size-full wp-image-9449\" alt=\"Museo Comunale di Taurasi (AV) - Foto di PacoPetrus [Licenza CC-BY-SA 3.0 con vincolo MiBAC]\" src=\"https:\/\/www.wikimedia.it\/wp-content\/uploads\/2013\/06\/360px-Porta_del_Museo_di_Taurasi.jpg\" width=\"360\" height=\"480\" \/><\/a><p id=\"caption-attachment-9449\" class=\"wp-caption-text\">Museo Comunale di Taurasi (AV) &#8211;<br \/>Foto di PacoPetrus [Licenza CC-BY-SA 3.0 con vincolo MiBAC]<\/p><\/div>\n","protected":false},"excerpt":{"rendered":"<p>Il nostro progetto sta per entrare nella fase pi\u00f9 complessa e divertente: arrivano i patrocini e le adesioni e i fotografi incominciano a pensare a quali<span class=\"excerpt-hellip\"> [\u2026]<\/span><\/p>\n","protected":false},"author":10,"featured_media":9435,"comment_status":"open","ping_status":"open","sticky":false,"template":"","format":"standard","meta":[],"categories":[8,30],"tags":[22],"_links":{"self":[{"href":"http:\/\/188.213.160.48\/wiki\/wp-json\/wp\/v2\/posts\/9434"}],"collection":[{"href":"http:\/\/188.213.160.48\/wiki\/wp-json\/wp\/v2\/posts"}],"about":[{"href":"http:\/\/188.213.160.48\/wiki\/wp-json\/wp\/v2\/types\/post"}],"author":[{"embeddable":true,"href":"http:\/\/188.213.160.48\/wiki\/wp-json\/wp\/v2\/users\/10"}],"replies":[{"embeddable":true,"href":"http:\/\/188.213.160.48\/wiki\/wp-json\/wp\/v2\/comments?post=9434"}],"version-history":[{"count":5,"href":"http:\/\/188.213.160.48\/wiki\/wp-json\/wp\/v2\/posts\/9434\/revisions"}],"predecessor-version":[{"id":15720,"href":"http:\/\/188.213.160.48\/wiki\/wp-json\/wp\/v2\/posts\/9434\/revisions\/15720"}],"wp:featuredmedia":[{"embeddable":true,"href":"http:\/\/188.213.160.48\/wiki\/wp-json\/wp\/v2\/media\/9435"}],"wp:attachment":[{"href":"http:\/\/188.213.160.48\/wiki\/wp-json\/wp\/v2\/media?parent=9434"}],"wp:term":[{"taxonomy":"category","embeddable":true,"href":"http:\/\/188.213.160.48\/wiki\/wp-json\/wp\/v2\/categories?post=9434"},{"taxonomy":"post_tag","embeddable":true,"href":"http:\/\/188.213.160.48\/wiki\/wp-json\/wp\/v2\/tags?post=9434"}],"curies":[{"name":"wp","href":"https:\/\/api.w.org\/{rel}","templated":true}]}}