{"id":9581,"date":"2013-07-05T12:00:15","date_gmt":"2013-07-05T10:00:15","guid":{"rendered":"http:\/\/www.wikilovesmonuments.it\/?p=9581"},"modified":"2018-01-30T16:19:00","modified_gmt":"2018-01-30T15:19:00","slug":"cose-per-te-wiki-loves-monuments","status":"publish","type":"post","link":"http:\/\/188.213.160.48\/wiki\/cose-per-te-wiki-loves-monuments\/","title":{"rendered":"Cos&#8217;\u00e8 per te Wiki Loves Monuments?"},"content":{"rendered":"<p style=\"text-align: left;\">Abbiamo chiesto ad alcuni dei nostri volontari cosa fosse per loro Wiki Loves Monuments. Ci hanno risposto che il progetto \u00e8 <strong>opportunit\u00e0<\/strong>, <strong>memoria<\/strong>, <strong>condivisione<\/strong>, <strong>partecipazione<\/strong>. Vi lasciamo leggere direttamente le loro parole, e rivolgiamo anche a ognuno di voi la domanda: <strong>che cos&#8217;\u00e8 Wiki Loves Monuments per te?<\/strong><\/p>\n<p>&nbsp;<\/p>\n<p><em>Wiki Loves Monuments \u00e8 un progetto che consente di raccogliere in un unico luogo una parte (speriamo sempre crescente) dell&#8217;arte, della storia e del paesaggio globali, ovvero di un patrimonio che DEVE essere di tutti. \u00c8 anche un modo per conservare ci\u00f2 che oggi \u00e8 (o \u00e8 stato) parte della nostra quotidianit\u00e0 (il bosco in cui giocavamo da bambini, la chiesa dove ci siamo sposati, la piazza dove ci troviamo la sera con gli amici), ma che in futuro potrebbe essere radicalmente modificato, se non addirittura scomparso. <\/em><br \/>\n<em>Oggi se voglio cercare delle fotografie della mia citt\u00e0 di trent\u2019anni fa (che siano utilizzabili senza limiti) \u00e8 necessario fare lunghe ricerche che a volte si rivelano vane perch\u00e9 non esistono scatti di determinati luoghi. Tra trent\u2019anni, grazie a internet e a un progetto come WLM (e ai suoi tantissimi volontari) sono certo che sar\u00e0 molto pi\u00f9 semplice raccontare la Storia dei luoghi anche attraverso la fotografia libera. \u00c8 questo mi sembra bellissimo.<\/em><\/p>\n<p style=\"text-align: right;\"><strong>Dario<\/strong><\/p>\n<div id=\"attachment_9583\" style=\"width: 490px\" class=\"wp-caption aligncenter\"><a href=\"https:\/\/commons.wikimedia.org\/wiki\/File:Wikiloves_monuments_panel_participants,_Wikimania_2012_-_Flickr_-_Pierre-Selim.jpg\"><img aria-describedby=\"caption-attachment-9583\" loading=\"lazy\" class=\" wp-image-9583 \" alt=\"Alcuni volontari di Wiki Loves Monuments durante Wikimania 2012 -tra un mese la cambiamo con quella del 2013! :)  [Foto: Pierre Selim, Licenza CC-BY-SA] \" src=\"https:\/\/www.wikimedia.it\/wp-content\/uploads\/2013\/09\/800px-Wikiloves_monuments_panel_participants_Wikimania_2012_-_Flickr_-_Pierre-Selim.jpg\" width=\"480\" height=\"232\" \/><\/a><p id=\"caption-attachment-9583\" class=\"wp-caption-text\">Alcuni volontari di Wiki Loves Monuments durante Wikimania 2012 &#8211; tra un mese la cambiamo con quella del 2013! \ud83d\ude42<br \/>[Foto: Pierre Selim, licenza CC-BY-SA]<\/p><\/div>\n<p style=\"text-align: left;\"><em>WLM, per me, \u00e8 un&#8217;opportunit\u00e0. Vengo da un&#8217;esperienza come partecipante alla prima edizione del concorso, ed anche dalla partecipazione ad un progetto per certi versi simile a WLM, ma tutto italiano: Invasioni Digitali. Entrambi, mettono al centro la passione: quella per i monumenti, quella per le foto, per la\u00a0condivisione, per la promozione del territorio dal basso. E da entrambi ho imparato che quando la passione unisce un gruppo di persone, si pu\u00f2 davvero fare qualsiasi cosa! \ud83d\ude00<\/em><br \/>\n<em>Quest&#8217;anno ho voluto dare una mano al progetto: sono sarda, e la nostra lista di monumenti ingara attualmente \u00e8 davvero esigua. Per la mia Isola, questa \u00e8 un&#8217;opportunit\u00e0 per farsi conoscere, mostrare angoli di territorio sconosciuti ai pi\u00f9, promuoversi divincolandosi dal solito accostamento &#8220;Sardegna-mare&#8221;. Insieme a diversi amici, reclutati su Facebook, stiamo bussando <\/em><em>a<\/em><em>d ogni port<\/em><em>a possibile per chiedere di entrare a f<\/em><em>ar parte del progetto. <\/em><\/p>\n<div id=\"attachment_9596\" style=\"width: 200px\" class=\"wp-caption alignleft\"><a href=\"https:\/\/commons.wikimedia.org\/wiki\/File:WLM_2012_-_Pavia_-_Wikimediani_sul_Ponte_Coperto.JPG\"><img aria-describedby=\"caption-attachment-9596\" loading=\"lazy\" class=\"wp-image-9596 \" alt=\"Volontari e partecipanti durante la wikigita di settembre 2012 a Pavia. Ci stavamo divertendo :) [Foto: Quaro75, licenza CC-BY-SA]\" src=\"https:\/\/www.wikimedia.it\/wp-content\/uploads\/2013\/09\/Schermata-2013-07-03-a-01.48.07.png\" width=\"190\" height=\"258\" \/><\/a><p id=\"caption-attachment-9596\" class=\"wp-caption-text\">Volontari e partecipanti durante la wikigita di settembre 2012 a Pavia. Ci stavamo divertendo \ud83d\ude42 [Foto: Quaro75, licenza CC-BY-SA]<\/p><\/div>\n<p style=\"text-align: right;\"><em>Alcuni, aderiscono con entusiasmo, mentre altri partono in sordina. Pochi, non rispondono affatto. Tuttavia,\u00a0noi non ci facciamo scoraggiare: teniamo al patrimonio culturale della nostra terra, e sappiamo cosa pu\u00f2 fare la passione. Comunque vada, noi ci saremo arricchiti grazie a questa esperienza, e chi aderir\u00e0 al progetto ne guadagner\u00e0 in visibilit\u00e0. Chi usufruir\u00e0 del materiale che, grazie al lavoro di tutti, sar\u00e0 disponibile sui vari progetti Wikimedia, ne guadagner\u00e0 in conoscenza. Pi\u00f9 opportunit\u00e0 di cos\u00ec!<\/em><\/p>\n<p style=\"text-align: right;\"><strong>Ilenia<\/strong><\/p>\n<p>&nbsp;<\/p>\n<p style=\"text-align: left;\"><em>Wiki Loves Monuments, per me, \u00e8 stata la dimostrazione puntuale del potere delle persone quando si mettono a fare le cose insieme.<\/em><br \/>\n<em>L&#8217;entusiasmo di fronte alla possibilit\u00e0 di condividere le proprie foto (e quindi condividere le proprie passioni, i propri desideri e ci\u00f2 che ci piace)\u00a0\u00e8 stato al di fuori di ogni aspettativa. <\/em><br \/>\n<em>E&#8217; stato davvero bello e importante scoprire che non era solo un progetto &#8220;nostro&#8221;, di un piccolo manipolo di fissati della cultura libera,\u00a0ma un qualcosa di collettivo e sentito, condiviso da migliaia di persone. <\/em><br \/>\n<em>Son cose importanti :-).<\/em><\/p>\n<p style=\"text-align: right;\"><strong>Andrea<\/strong><\/p>\n","protected":false},"excerpt":{"rendered":"<p>Abbiamo chiesto ad alcuni dei nostri volontari cosa fosse per loro Wiki Loves Monuments. Ci hanno risposto che il progetto \u00e8 opportunit\u00e0, memoria, condivisione, partecipazione. Vi<span class=\"excerpt-hellip\"> [\u2026]<\/span><\/p>\n","protected":false},"author":10,"featured_media":9583,"comment_status":"open","ping_status":"open","sticky":false,"template":"","format":"standard","meta":[],"categories":[8,30],"tags":[22],"_links":{"self":[{"href":"http:\/\/188.213.160.48\/wiki\/wp-json\/wp\/v2\/posts\/9581"}],"collection":[{"href":"http:\/\/188.213.160.48\/wiki\/wp-json\/wp\/v2\/posts"}],"about":[{"href":"http:\/\/188.213.160.48\/wiki\/wp-json\/wp\/v2\/types\/post"}],"author":[{"embeddable":true,"href":"http:\/\/188.213.160.48\/wiki\/wp-json\/wp\/v2\/users\/10"}],"replies":[{"embeddable":true,"href":"http:\/\/188.213.160.48\/wiki\/wp-json\/wp\/v2\/comments?post=9581"}],"version-history":[{"count":2,"href":"http:\/\/188.213.160.48\/wiki\/wp-json\/wp\/v2\/posts\/9581\/revisions"}],"predecessor-version":[{"id":15710,"href":"http:\/\/188.213.160.48\/wiki\/wp-json\/wp\/v2\/posts\/9581\/revisions\/15710"}],"wp:featuredmedia":[{"embeddable":true,"href":"http:\/\/188.213.160.48\/wiki\/wp-json\/wp\/v2\/media\/9583"}],"wp:attachment":[{"href":"http:\/\/188.213.160.48\/wiki\/wp-json\/wp\/v2\/media?parent=9581"}],"wp:term":[{"taxonomy":"category","embeddable":true,"href":"http:\/\/188.213.160.48\/wiki\/wp-json\/wp\/v2\/categories?post=9581"},{"taxonomy":"post_tag","embeddable":true,"href":"http:\/\/188.213.160.48\/wiki\/wp-json\/wp\/v2\/tags?post=9581"}],"curies":[{"name":"wp","href":"https:\/\/api.w.org\/{rel}","templated":true}]}}